{"id":8365,"date":"2026-04-27T16:04:53","date_gmt":"2026-04-27T14:04:53","guid":{"rendered":"https:\/\/catalinadefoix.educacion.navarra.es\/web\/?p=8365"},"modified":"2026-04-27T16:04:53","modified_gmt":"2026-04-27T14:04:53","slug":"6o-primaria-3o-infantil-2","status":"publish","type":"post","link":"https:\/\/catalinadefoix.educacion.navarra.es\/web\/blog\/2026\/04\/27\/6o-primaria-3o-infantil-2\/","title":{"rendered":"6\u00ba Primaria &#8211; 3\u00ba Infantil"},"content":{"rendered":"\n<p class=\"has-text-align-center has-vivid-cyan-blue-color has-text-color has-large-font-size\"><strong>LECTURAS COMPARTIDAS<\/strong><\/p>\n\n\n\n<div class=\"wp-block-image\"><figure class=\"aligncenter size-large is-resized\"><img loading=\"lazy\" src=\"https:\/\/catalinadefoix.educacion.navarra.es\/web\/wp-content\/uploads\/2026\/04\/Foto4-1024x472.jpeg\" alt=\"\" class=\"wp-image-8355\" width=\"537\" height=\"247\" srcset=\"https:\/\/catalinadefoix.educacion.navarra.es\/web\/wp-content\/uploads\/2026\/04\/Foto4-1024x472.jpeg 1024w, https:\/\/catalinadefoix.educacion.navarra.es\/web\/wp-content\/uploads\/2026\/04\/Foto4-300x138.jpeg 300w, https:\/\/catalinadefoix.educacion.navarra.es\/web\/wp-content\/uploads\/2026\/04\/Foto4-768x354.jpeg 768w, https:\/\/catalinadefoix.educacion.navarra.es\/web\/wp-content\/uploads\/2026\/04\/Foto4-1536x707.jpeg 1536w, https:\/\/catalinadefoix.educacion.navarra.es\/web\/wp-content\/uploads\/2026\/04\/Foto4.jpeg 1824w\" sizes=\"(max-width: 537px) 100vw, 537px\" \/><\/figure><\/div>\n\n\n\n<p class=\"has-text-align-center\">Durante este trimestre el alumnado de sexto ha compartido historias y aventuras con l@s chiquis de 5 a\u00f1os. Lecturas que nos han ense\u00f1ado no solo letras, si no tambi\u00e9n cuidado, respeto y atenci\u00f3n.<\/p>\n\n\n\n<p class=\"has-text-align-center\"><strong><a href=\"https:\/\/photos.app.goo.gl\/QzwCU5MFKQH4Fw988\">FOTOS<\/a><\/strong><\/p>\n","protected":false},"excerpt":{"rendered":"<p>LECTURAS COMPARTIDAS Durante este trimestre el alumnado de sexto ha compartido historias y aventuras con l@s chiquis de 5 a\u00f1os. Lecturas que nos han ense\u00f1ado no solo letras, si no tambi\u00e9n cuidado, respeto y atenci\u00f3n. FOTOS<\/p>\n","protected":false},"author":1,"featured_media":0,"comment_status":"open","ping_status":"open","sticky":false,"template":"","format":"standard","meta":{"_genesis_hide_title":false,"_genesis_hide_breadcrumbs":false,"_genesis_hide_singular_image":false,"_genesis_hide_footer_widgets":false,"_genesis_custom_body_class":"","_genesis_custom_post_class":"","_genesis_layout":""},"categories":[1],"tags":[],"_links":{"self":[{"href":"https:\/\/catalinadefoix.educacion.navarra.es\/web\/wp-json\/wp\/v2\/posts\/8365"}],"collection":[{"href":"https:\/\/catalinadefoix.educacion.navarra.es\/web\/wp-json\/wp\/v2\/posts"}],"about":[{"href":"https:\/\/catalinadefoix.educacion.navarra.es\/web\/wp-json\/wp\/v2\/types\/post"}],"author":[{"embeddable":true,"href":"https:\/\/catalinadefoix.educacion.navarra.es\/web\/wp-json\/wp\/v2\/users\/1"}],"replies":[{"embeddable":true,"href":"https:\/\/catalinadefoix.educacion.navarra.es\/web\/wp-json\/wp\/v2\/comments?post=8365"}],"version-history":[{"count":1,"href":"https:\/\/catalinadefoix.educacion.navarra.es\/web\/wp-json\/wp\/v2\/posts\/8365\/revisions"}],"predecessor-version":[{"id":8366,"href":"https:\/\/catalinadefoix.educacion.navarra.es\/web\/wp-json\/wp\/v2\/posts\/8365\/revisions\/8366"}],"wp:attachment":[{"href":"https:\/\/catalinadefoix.educacion.navarra.es\/web\/wp-json\/wp\/v2\/media?parent=8365"}],"wp:term":[{"taxonomy":"category","embeddable":true,"href":"https:\/\/catalinadefoix.educacion.navarra.es\/web\/wp-json\/wp\/v2\/categories?post=8365"},{"taxonomy":"post_tag","embeddable":true,"href":"https:\/\/catalinadefoix.educacion.navarra.es\/web\/wp-json\/wp\/v2\/tags?post=8365"}],"curies":[{"name":"wp","href":"https:\/\/api.w.org\/{rel}","templated":true}]}}