{"id":8360,"date":"2026-04-27T15:09:39","date_gmt":"2026-04-27T13:09:39","guid":{"rendered":"https:\/\/catalinadefoix.educacion.navarra.es\/web\/?p=8360"},"modified":"2026-04-27T15:09:40","modified_gmt":"2026-04-27T13:09:40","slug":"estructura-2","status":"publish","type":"post","link":"https:\/\/catalinadefoix.educacion.navarra.es\/web\/blog\/2026\/04\/27\/estructura-2\/","title":{"rendered":"Estructura"},"content":{"rendered":"\n<p class=\"has-text-align-center has-vivid-cyan-blue-color has-text-color has-large-font-size\"><strong>4\u00baD<\/strong>: <strong><mark style=\"background-color:rgba(0, 0, 0, 0)\" class=\"has-inline-color has-vivid-cyan-blue-color\">EQUINOTERAPIA<\/mark><\/strong><\/p>\n\n\n\n<div class=\"wp-block-image\"><figure class=\"aligncenter size-large is-resized\"><img loading=\"lazy\" src=\"https:\/\/catalinadefoix.educacion.navarra.es\/web\/wp-content\/uploads\/2026\/04\/IMG-20260424-WA0034-1024x686.jpg\" alt=\"\" class=\"wp-image-8361\" width=\"505\" height=\"337\" srcset=\"https:\/\/catalinadefoix.educacion.navarra.es\/web\/wp-content\/uploads\/2026\/04\/IMG-20260424-WA0034-1024x686.jpg 1024w, https:\/\/catalinadefoix.educacion.navarra.es\/web\/wp-content\/uploads\/2026\/04\/IMG-20260424-WA0034-300x201.jpg 300w, https:\/\/catalinadefoix.educacion.navarra.es\/web\/wp-content\/uploads\/2026\/04\/IMG-20260424-WA0034-768x514.jpg 768w, https:\/\/catalinadefoix.educacion.navarra.es\/web\/wp-content\/uploads\/2026\/04\/IMG-20260424-WA0034-1536x1028.jpg 1536w, https:\/\/catalinadefoix.educacion.navarra.es\/web\/wp-content\/uploads\/2026\/04\/IMG-20260424-WA0034.jpg 1628w\" sizes=\"(max-width: 505px) 100vw, 505px\" \/><\/figure><\/div>\n\n\n\n<p class=\"has-text-align-center\">La clase de 4\u00baD empieza un proyecto de equinoterapia en el centro ecuestre\u00a0 de Zizur que se encuentra en el<em> <\/em>pueblo de Astr\u00e1in, ubicado en las laderas de la sierra del Perd\u00f3n. En esta primera sesi\u00f3n han dado sus primeros paseos por las instalaciones de dicho centro. Hemos disfrutado de un d\u00eda estupendo en contacto con la naturaleza y con estos maravillosos animales.\u00a0<\/p>\n\n\n\n<p class=\"has-text-align-center\"><strong><a href=\"https:\/\/photos.app.goo.gl\/5YuHwggM3JDYmVtY9\" target=\"_blank\" rel=\"noreferrer noopener\">FOTOS<\/a><\/strong><\/p>\n","protected":false},"excerpt":{"rendered":"<p>4\u00baD: EQUINOTERAPIA La clase de 4\u00baD empieza un proyecto de equinoterapia en el centro ecuestre\u00a0 de Zizur que se encuentra en el pueblo de Astr\u00e1in, ubicado en las laderas de la sierra del Perd\u00f3n. En esta primera sesi\u00f3n han dado sus primeros paseos por las instalaciones de dicho centro. Hemos disfrutado de un d\u00eda estupendo [&hellip;]<\/p>\n","protected":false},"author":1,"featured_media":0,"comment_status":"open","ping_status":"open","sticky":false,"template":"","format":"standard","meta":{"_genesis_hide_title":false,"_genesis_hide_breadcrumbs":false,"_genesis_hide_singular_image":false,"_genesis_hide_footer_widgets":false,"_genesis_custom_body_class":"","_genesis_custom_post_class":"","_genesis_layout":""},"categories":[1],"tags":[],"_links":{"self":[{"href":"https:\/\/catalinadefoix.educacion.navarra.es\/web\/wp-json\/wp\/v2\/posts\/8360"}],"collection":[{"href":"https:\/\/catalinadefoix.educacion.navarra.es\/web\/wp-json\/wp\/v2\/posts"}],"about":[{"href":"https:\/\/catalinadefoix.educacion.navarra.es\/web\/wp-json\/wp\/v2\/types\/post"}],"author":[{"embeddable":true,"href":"https:\/\/catalinadefoix.educacion.navarra.es\/web\/wp-json\/wp\/v2\/users\/1"}],"replies":[{"embeddable":true,"href":"https:\/\/catalinadefoix.educacion.navarra.es\/web\/wp-json\/wp\/v2\/comments?post=8360"}],"version-history":[{"count":1,"href":"https:\/\/catalinadefoix.educacion.navarra.es\/web\/wp-json\/wp\/v2\/posts\/8360\/revisions"}],"predecessor-version":[{"id":8362,"href":"https:\/\/catalinadefoix.educacion.navarra.es\/web\/wp-json\/wp\/v2\/posts\/8360\/revisions\/8362"}],"wp:attachment":[{"href":"https:\/\/catalinadefoix.educacion.navarra.es\/web\/wp-json\/wp\/v2\/media?parent=8360"}],"wp:term":[{"taxonomy":"category","embeddable":true,"href":"https:\/\/catalinadefoix.educacion.navarra.es\/web\/wp-json\/wp\/v2\/categories?post=8360"},{"taxonomy":"post_tag","embeddable":true,"href":"https:\/\/catalinadefoix.educacion.navarra.es\/web\/wp-json\/wp\/v2\/tags?post=8360"}],"curies":[{"name":"wp","href":"https:\/\/api.w.org\/{rel}","templated":true}]}}