{"id":8308,"date":"2026-03-02T14:54:29","date_gmt":"2026-03-02T13:54:29","guid":{"rendered":"https:\/\/catalinadefoix.educacion.navarra.es\/web\/?p=8308"},"modified":"2026-03-03T10:47:41","modified_gmt":"2026-03-03T09:47:41","slug":"ajedrez","status":"publish","type":"post","link":"https:\/\/catalinadefoix.educacion.navarra.es\/web\/blog\/2026\/03\/02\/ajedrez\/","title":{"rendered":"Ajedrez"},"content":{"rendered":"\n<p class=\"has-text-align-center has-vivid-cyan-blue-color has-text-color has-large-font-size\"><strong>INTERESCOLAR DE AJEDREZ<\/strong><\/p>\n\n\n\n<div class=\"wp-block-image\"><figure class=\"aligncenter size-large is-resized\"><img loading=\"lazy\" src=\"https:\/\/catalinadefoix.educacion.navarra.es\/web\/wp-content\/uploads\/2026\/03\/20260301_164519-1024x773.jpg\" alt=\"\" class=\"wp-image-8307\" width=\"644\" height=\"486\" srcset=\"https:\/\/catalinadefoix.educacion.navarra.es\/web\/wp-content\/uploads\/2026\/03\/20260301_164519-1024x773.jpg 1024w, https:\/\/catalinadefoix.educacion.navarra.es\/web\/wp-content\/uploads\/2026\/03\/20260301_164519-300x226.jpg 300w, https:\/\/catalinadefoix.educacion.navarra.es\/web\/wp-content\/uploads\/2026\/03\/20260301_164519-768x579.jpg 768w, https:\/\/catalinadefoix.educacion.navarra.es\/web\/wp-content\/uploads\/2026\/03\/20260301_164519-1536x1159.jpg 1536w, https:\/\/catalinadefoix.educacion.navarra.es\/web\/wp-content\/uploads\/2026\/03\/20260301_164519.jpg 2000w\" sizes=\"(max-width: 644px) 100vw, 644px\" \/><\/figure><\/div>\n\n\n\n<p>\u201cEl pasado domingo 1 de marzo tuvo lugar el Campeonato de Ajedrez de Colegios e Institutos. M\u00e1s de 80 colegios participaron de este evento en la Ikastola San Ferm\u00edn. Catalina de Foix tuvo representaci\u00f3n, por primera vez, con un equipo formado por alumnado del centro. Enhorabuena a los 5 participantes que realizaron un gran torneo. Fue una jornada\u00a0llena de emociones, tensi\u00f3n, penas y alegr\u00edas, pero sobre todo destacar el sentimiento de equipo de estos 5 ni\u00f1os que disfrutaron de un apasionante d\u00eda jugando al Ajedrez. \u201c<\/p>\n\n\n\n<p class=\"has-text-align-center\">\u00a1Esperamos volver a repetir en pr\u00f3ximas ediciones!<\/p>\n\n\n\n<p class=\"has-text-align-center\"><strong><a href=\"https:\/\/photos.app.goo.gl\/WuMyfGUcT7bjCUWL8\" target=\"_blank\" rel=\"noreferrer noopener\">FOTOS<\/a><\/strong><\/p>\n","protected":false},"excerpt":{"rendered":"<p>INTERESCOLAR DE AJEDREZ \u201cEl pasado domingo 1 de marzo tuvo lugar el Campeonato de Ajedrez de Colegios e Institutos. M\u00e1s de 80 colegios participaron de este evento en la Ikastola San Ferm\u00edn. Catalina de Foix tuvo representaci\u00f3n, por primera vez, con un equipo formado por alumnado del centro. Enhorabuena a los 5 participantes que realizaron [&hellip;]<\/p>\n","protected":false},"author":1,"featured_media":0,"comment_status":"open","ping_status":"open","sticky":false,"template":"","format":"standard","meta":{"_genesis_hide_title":false,"_genesis_hide_breadcrumbs":false,"_genesis_hide_singular_image":false,"_genesis_hide_footer_widgets":false,"_genesis_custom_body_class":"","_genesis_custom_post_class":"","_genesis_layout":""},"categories":[1],"tags":[],"_links":{"self":[{"href":"https:\/\/catalinadefoix.educacion.navarra.es\/web\/wp-json\/wp\/v2\/posts\/8308"}],"collection":[{"href":"https:\/\/catalinadefoix.educacion.navarra.es\/web\/wp-json\/wp\/v2\/posts"}],"about":[{"href":"https:\/\/catalinadefoix.educacion.navarra.es\/web\/wp-json\/wp\/v2\/types\/post"}],"author":[{"embeddable":true,"href":"https:\/\/catalinadefoix.educacion.navarra.es\/web\/wp-json\/wp\/v2\/users\/1"}],"replies":[{"embeddable":true,"href":"https:\/\/catalinadefoix.educacion.navarra.es\/web\/wp-json\/wp\/v2\/comments?post=8308"}],"version-history":[{"count":4,"href":"https:\/\/catalinadefoix.educacion.navarra.es\/web\/wp-json\/wp\/v2\/posts\/8308\/revisions"}],"predecessor-version":[{"id":8315,"href":"https:\/\/catalinadefoix.educacion.navarra.es\/web\/wp-json\/wp\/v2\/posts\/8308\/revisions\/8315"}],"wp:attachment":[{"href":"https:\/\/catalinadefoix.educacion.navarra.es\/web\/wp-json\/wp\/v2\/media?parent=8308"}],"wp:term":[{"taxonomy":"category","embeddable":true,"href":"https:\/\/catalinadefoix.educacion.navarra.es\/web\/wp-json\/wp\/v2\/categories?post=8308"},{"taxonomy":"post_tag","embeddable":true,"href":"https:\/\/catalinadefoix.educacion.navarra.es\/web\/wp-json\/wp\/v2\/tags?post=8308"}],"curies":[{"name":"wp","href":"https:\/\/api.w.org\/{rel}","templated":true}]}}