{"id":7522,"date":"2024-03-27T11:27:25","date_gmt":"2024-03-27T10:27:25","guid":{"rendered":"https:\/\/catalinadefoix.educacion.navarra.es\/web\/?p=7522"},"modified":"2024-03-27T11:27:25","modified_gmt":"2024-03-27T10:27:25","slug":"oihane-romeo-5o-b-ep","status":"publish","type":"post","link":"https:\/\/catalinadefoix.educacion.navarra.es\/web\/blog\/2024\/03\/27\/oihane-romeo-5o-b-ep\/","title":{"rendered":"Oihane Romeo &#8211; 5\u00ba B EP"},"content":{"rendered":"\n<p class=\"has-text-align-center has-vivid-cyan-blue-color has-text-color has-large-font-size\"><strong>OTRA MIRADA R\u00cdTMICA &#8211; OIHANE ROMEO<\/strong><\/p>\n\n\n\n<div class=\"wp-block-image\"><figure class=\"aligncenter size-large is-resized\"><img loading=\"lazy\" src=\"https:\/\/catalinadefoix.educacion.navarra.es\/web\/wp-content\/uploads\/2024\/03\/Copia-de-IMG_05101-1024x1024.jpeg\" alt=\"\" class=\"wp-image-7521\" width=\"529\" height=\"529\" srcset=\"https:\/\/catalinadefoix.educacion.navarra.es\/web\/wp-content\/uploads\/2024\/03\/Copia-de-IMG_05101-1024x1024.jpeg 1024w, https:\/\/catalinadefoix.educacion.navarra.es\/web\/wp-content\/uploads\/2024\/03\/Copia-de-IMG_05101-300x300.jpeg 300w, https:\/\/catalinadefoix.educacion.navarra.es\/web\/wp-content\/uploads\/2024\/03\/Copia-de-IMG_05101-150x150.jpeg 150w, https:\/\/catalinadefoix.educacion.navarra.es\/web\/wp-content\/uploads\/2024\/03\/Copia-de-IMG_05101-768x768.jpeg 768w, https:\/\/catalinadefoix.educacion.navarra.es\/web\/wp-content\/uploads\/2024\/03\/Copia-de-IMG_05101.jpeg 1440w\" sizes=\"(max-width: 529px) 100vw, 529px\" \/><\/figure><\/div>\n\n\n\n<p class=\"has-text-align-center\">Las <strong>gimnastas navarras del equipo Otra Mirada R\u00edtmica<\/strong> han cosechado dos oros, una plata y un bronce en el \u00faltimo<strong> campeonato de Espa\u00f1a de Gimnasia R\u00edtmica Adaptada <\/strong>celebrado el Palacio de los Deportes de la Universidad de Miguel Hern\u00e1ndez de Elche el pasado s\u00e1bado 16 de marzo.<br>Entre ellas se encuentra nuestra alumna Oihane Romeo de 5\u00ba B de primaria del Colegio Catalina de Foix. Era su primera participaci\u00f3n en un campeonato nacional y consiguieron el oro.<br><br>Estamos muy orgullosos y orgullosas del logro que has conseguido, \u00a1eres una campeona!<br><\/p>\n\n\n\n<p class=\"has-text-align-center\"><strong><a href=\"https:\/\/photos.app.goo.gl\/3FEYVQ7hJgRw242f9\" target=\"_blank\" rel=\"noreferrer noopener\">FOTOS<\/a><\/strong><\/p>\n\n\n\n<p class=\"has-text-align-center\"><strong><a href=\"https:\/\/drive.google.com\/file\/d\/1AkilNOP__P-MWhxls-dBLkYFe0WwQOYr\/view?usp=sharing\" target=\"_blank\" rel=\"noreferrer noopener\">V\u00cdDEO 1<\/a><\/strong><\/p>\n\n\n\n<p class=\"has-text-align-center\"><strong><a href=\"https:\/\/drive.google.com\/file\/d\/1d2NOTtWAw7E-ygoBSAiy3dzpH0TAiefZ\/view?usp=sharing\" target=\"_blank\" rel=\"noreferrer noopener\">V\u00cdDEO 2<\/a><\/strong><\/p>\n","protected":false},"excerpt":{"rendered":"<p>OTRA MIRADA R\u00cdTMICA &#8211; OIHANE ROMEO Las gimnastas navarras del equipo Otra Mirada R\u00edtmica han cosechado dos oros, una plata y un bronce en el \u00faltimo campeonato de Espa\u00f1a de Gimnasia R\u00edtmica Adaptada celebrado el Palacio de los Deportes de la Universidad de Miguel Hern\u00e1ndez de Elche el pasado s\u00e1bado 16 de marzo.Entre ellas se [&hellip;]<\/p>\n","protected":false},"author":1,"featured_media":0,"comment_status":"open","ping_status":"open","sticky":false,"template":"","format":"standard","meta":{"_genesis_hide_title":false,"_genesis_hide_breadcrumbs":false,"_genesis_hide_singular_image":false,"_genesis_hide_footer_widgets":false,"_genesis_custom_body_class":"","_genesis_custom_post_class":"","_genesis_layout":""},"categories":[1],"tags":[],"_links":{"self":[{"href":"https:\/\/catalinadefoix.educacion.navarra.es\/web\/wp-json\/wp\/v2\/posts\/7522"}],"collection":[{"href":"https:\/\/catalinadefoix.educacion.navarra.es\/web\/wp-json\/wp\/v2\/posts"}],"about":[{"href":"https:\/\/catalinadefoix.educacion.navarra.es\/web\/wp-json\/wp\/v2\/types\/post"}],"author":[{"embeddable":true,"href":"https:\/\/catalinadefoix.educacion.navarra.es\/web\/wp-json\/wp\/v2\/users\/1"}],"replies":[{"embeddable":true,"href":"https:\/\/catalinadefoix.educacion.navarra.es\/web\/wp-json\/wp\/v2\/comments?post=7522"}],"version-history":[{"count":1,"href":"https:\/\/catalinadefoix.educacion.navarra.es\/web\/wp-json\/wp\/v2\/posts\/7522\/revisions"}],"predecessor-version":[{"id":7523,"href":"https:\/\/catalinadefoix.educacion.navarra.es\/web\/wp-json\/wp\/v2\/posts\/7522\/revisions\/7523"}],"wp:attachment":[{"href":"https:\/\/catalinadefoix.educacion.navarra.es\/web\/wp-json\/wp\/v2\/media?parent=7522"}],"wp:term":[{"taxonomy":"category","embeddable":true,"href":"https:\/\/catalinadefoix.educacion.navarra.es\/web\/wp-json\/wp\/v2\/categories?post=7522"},{"taxonomy":"post_tag","embeddable":true,"href":"https:\/\/catalinadefoix.educacion.navarra.es\/web\/wp-json\/wp\/v2\/tags?post=7522"}],"curies":[{"name":"wp","href":"https:\/\/api.w.org\/{rel}","templated":true}]}}