{"id":7514,"date":"2024-03-25T16:11:23","date_gmt":"2024-03-25T15:11:23","guid":{"rendered":"https:\/\/catalinadefoix.educacion.navarra.es\/web\/?p=7514"},"modified":"2024-03-25T16:12:35","modified_gmt":"2024-03-25T15:12:35","slug":"5o-ep-semana-de-la-danza","status":"publish","type":"post","link":"https:\/\/catalinadefoix.educacion.navarra.es\/web\/blog\/2024\/03\/25\/5o-ep-semana-de-la-danza\/","title":{"rendered":"5\u00ba EP &#8211; Semana de la danza"},"content":{"rendered":"\n<p class=\"has-text-align-center has-vivid-cyan-blue-color has-text-color has-large-font-size\"><strong>SEMANA DE LA DANZA<\/strong><\/p>\n\n\n\n<div class=\"wp-block-image\"><figure class=\"aligncenter size-full is-resized\"><img loading=\"lazy\" src=\"https:\/\/catalinadefoix.educacion.navarra.es\/web\/wp-content\/uploads\/2024\/03\/Portada-reducida-.jpg\" alt=\"\" class=\"wp-image-7513\" width=\"544\" height=\"408\" srcset=\"https:\/\/catalinadefoix.educacion.navarra.es\/web\/wp-content\/uploads\/2024\/03\/Portada-reducida-.jpg 1024w, https:\/\/catalinadefoix.educacion.navarra.es\/web\/wp-content\/uploads\/2024\/03\/Portada-reducida--300x225.jpg 300w, https:\/\/catalinadefoix.educacion.navarra.es\/web\/wp-content\/uploads\/2024\/03\/Portada-reducida--768x577.jpg 768w\" sizes=\"(max-width: 544px) 100vw, 544px\" \/><\/figure><\/div>\n\n\n\n<p class=\"has-text-align-center\">Durante la semana del 11 al 15 de marzo, el alumnado de 5\u00ba de primaria ha creado una coreograf\u00eda con la compa\u00f1\u00eda Dantza Bideak.<br>La actuaci\u00f3n final se expuso en la Casa de la Cultura de Zizur a la que acudieron las familias y\u00a0 el alumnado de 4\u00ba.<br>Ha sido una experiencia incre\u00edble en la que han aprendido a expresar con su cuerpo y les ha servido para acercarse al mundo de la\u00a0danza contempor\u00e1nea.<\/p>\n\n\n\n<p class=\"has-text-align-center\"><strong><a href=\"https:\/\/photos.app.goo.gl\/xkyBYqm1GZTWgQn3A\" target=\"_blank\" rel=\"noreferrer noopener\">FOTOS<\/a><\/strong><\/p>\n\n\n\n<p class=\"has-text-align-center\"><strong><a href=\"https:\/\/drive.google.com\/file\/d\/19p5wj4ITl8HM6s-lonGKiqeYrzztGaGm\/view?usp=drive_link\" target=\"_blank\" rel=\"noreferrer noopener\">V\u00cdDEO DANZA 5\u00ba A<\/a><\/strong><\/p>\n\n\n\n<p class=\"has-text-align-center\"><strong><a href=\"https:\/\/drive.google.com\/file\/d\/1tWEdK6vhVpEcVWxBkDzD6GcCg3rgRbRF\/view?usp=drive_link\" target=\"_blank\" rel=\"noreferrer noopener\">V\u00cdDEO DANZA 5\u00ba B<\/a><\/strong><\/p>\n","protected":false},"excerpt":{"rendered":"<p>SEMANA DE LA DANZA Durante la semana del 11 al 15 de marzo, el alumnado de 5\u00ba de primaria ha creado una coreograf\u00eda con la compa\u00f1\u00eda Dantza Bideak.La actuaci\u00f3n final se expuso en la Casa de la Cultura de Zizur a la que acudieron las familias y\u00a0 el alumnado de 4\u00ba.Ha sido una experiencia incre\u00edble [&hellip;]<\/p>\n","protected":false},"author":1,"featured_media":0,"comment_status":"open","ping_status":"open","sticky":false,"template":"","format":"standard","meta":{"_genesis_hide_title":false,"_genesis_hide_breadcrumbs":false,"_genesis_hide_singular_image":false,"_genesis_hide_footer_widgets":false,"_genesis_custom_body_class":"","_genesis_custom_post_class":"","_genesis_layout":""},"categories":[1],"tags":[],"_links":{"self":[{"href":"https:\/\/catalinadefoix.educacion.navarra.es\/web\/wp-json\/wp\/v2\/posts\/7514"}],"collection":[{"href":"https:\/\/catalinadefoix.educacion.navarra.es\/web\/wp-json\/wp\/v2\/posts"}],"about":[{"href":"https:\/\/catalinadefoix.educacion.navarra.es\/web\/wp-json\/wp\/v2\/types\/post"}],"author":[{"embeddable":true,"href":"https:\/\/catalinadefoix.educacion.navarra.es\/web\/wp-json\/wp\/v2\/users\/1"}],"replies":[{"embeddable":true,"href":"https:\/\/catalinadefoix.educacion.navarra.es\/web\/wp-json\/wp\/v2\/comments?post=7514"}],"version-history":[{"count":2,"href":"https:\/\/catalinadefoix.educacion.navarra.es\/web\/wp-json\/wp\/v2\/posts\/7514\/revisions"}],"predecessor-version":[{"id":7517,"href":"https:\/\/catalinadefoix.educacion.navarra.es\/web\/wp-json\/wp\/v2\/posts\/7514\/revisions\/7517"}],"wp:attachment":[{"href":"https:\/\/catalinadefoix.educacion.navarra.es\/web\/wp-json\/wp\/v2\/media?parent=7514"}],"wp:term":[{"taxonomy":"category","embeddable":true,"href":"https:\/\/catalinadefoix.educacion.navarra.es\/web\/wp-json\/wp\/v2\/categories?post=7514"},{"taxonomy":"post_tag","embeddable":true,"href":"https:\/\/catalinadefoix.educacion.navarra.es\/web\/wp-json\/wp\/v2\/tags?post=7514"}],"curies":[{"name":"wp","href":"https:\/\/api.w.org\/{rel}","templated":true}]}}