{"id":7406,"date":"2024-01-09T12:42:33","date_gmt":"2024-01-09T11:42:33","guid":{"rendered":"https:\/\/catalinadefoix.educacion.navarra.es\/web\/?p=7406"},"modified":"2024-01-12T12:02:40","modified_gmt":"2024-01-12T11:02:40","slug":"educacion-artistica-6o-primaria","status":"publish","type":"post","link":"https:\/\/catalinadefoix.educacion.navarra.es\/web\/blog\/2024\/01\/09\/educacion-artistica-6o-primaria\/","title":{"rendered":"Educaci\u00f3n Art\u00edstica 6\u00ba Primaria"},"content":{"rendered":"\n<p class=\"has-text-align-center has-vivid-cyan-blue-color has-text-color has-large-font-size\">MAQUETAS CON FIGURAS GEOM\u00c9TRICAS<\/p>\n\n\n\n<div class=\"wp-block-image\"><figure class=\"aligncenter size-large is-resized\"><img loading=\"lazy\" src=\"https:\/\/catalinadefoix.educacion.navarra.es\/web\/wp-content\/uploads\/2024\/01\/PXL_20231211_143839999_reducida-921x1024.jpg\" alt=\"\" class=\"wp-image-7405\" width=\"374\" height=\"415\" srcset=\"https:\/\/catalinadefoix.educacion.navarra.es\/web\/wp-content\/uploads\/2024\/01\/PXL_20231211_143839999_reducida-921x1024.jpg 921w, https:\/\/catalinadefoix.educacion.navarra.es\/web\/wp-content\/uploads\/2024\/01\/PXL_20231211_143839999_reducida-270x300.jpg 270w, https:\/\/catalinadefoix.educacion.navarra.es\/web\/wp-content\/uploads\/2024\/01\/PXL_20231211_143839999_reducida-768x854.jpg 768w, https:\/\/catalinadefoix.educacion.navarra.es\/web\/wp-content\/uploads\/2024\/01\/PXL_20231211_143839999_reducida.jpg 1024w\" sizes=\"(max-width: 374px) 100vw, 374px\" \/><\/figure><\/div>\n\n\n\n<p class=\"has-text-align-center\">El alumnado de 6\u00ba curso, ha trabajado en la clase de educaci\u00f3n art\u00edstica, las formas geom\u00e9tricas a trav\u00e9s de maquetas. Estas son algunas de ellas. \u00a1Esperemos que os guste!.<\/p>\n\n\n\n<p class=\"has-text-align-center\">The 6th grade students have worked on geometric shapes through models in the art  class. These are some of them. Let&#8217;s hope you like them!<\/p>\n\n\n\n<p class=\"has-text-align-center\"><strong><a href=\"https:\/\/photos.app.goo.gl\/UhNNnEb9pYnJiB9G8\">FOTOS<\/a><\/strong><\/p>\n","protected":false},"excerpt":{"rendered":"<p>MAQUETAS CON FIGURAS GEOM\u00c9TRICAS El alumnado de 6\u00ba curso, ha trabajado en la clase de educaci\u00f3n art\u00edstica, las formas geom\u00e9tricas a trav\u00e9s de maquetas. Estas son algunas de ellas. \u00a1Esperemos que os guste!. The 6th grade students have worked on geometric shapes through models in the art class. These are some of them. Let&#8217;s hope [&hellip;]<\/p>\n","protected":false},"author":1,"featured_media":0,"comment_status":"open","ping_status":"open","sticky":false,"template":"","format":"standard","meta":{"_genesis_hide_title":false,"_genesis_hide_breadcrumbs":false,"_genesis_hide_singular_image":false,"_genesis_hide_footer_widgets":false,"_genesis_custom_body_class":"","_genesis_custom_post_class":"","_genesis_layout":""},"categories":[1],"tags":[],"_links":{"self":[{"href":"https:\/\/catalinadefoix.educacion.navarra.es\/web\/wp-json\/wp\/v2\/posts\/7406"}],"collection":[{"href":"https:\/\/catalinadefoix.educacion.navarra.es\/web\/wp-json\/wp\/v2\/posts"}],"about":[{"href":"https:\/\/catalinadefoix.educacion.navarra.es\/web\/wp-json\/wp\/v2\/types\/post"}],"author":[{"embeddable":true,"href":"https:\/\/catalinadefoix.educacion.navarra.es\/web\/wp-json\/wp\/v2\/users\/1"}],"replies":[{"embeddable":true,"href":"https:\/\/catalinadefoix.educacion.navarra.es\/web\/wp-json\/wp\/v2\/comments?post=7406"}],"version-history":[{"count":1,"href":"https:\/\/catalinadefoix.educacion.navarra.es\/web\/wp-json\/wp\/v2\/posts\/7406\/revisions"}],"predecessor-version":[{"id":7407,"href":"https:\/\/catalinadefoix.educacion.navarra.es\/web\/wp-json\/wp\/v2\/posts\/7406\/revisions\/7407"}],"wp:attachment":[{"href":"https:\/\/catalinadefoix.educacion.navarra.es\/web\/wp-json\/wp\/v2\/media?parent=7406"}],"wp:term":[{"taxonomy":"category","embeddable":true,"href":"https:\/\/catalinadefoix.educacion.navarra.es\/web\/wp-json\/wp\/v2\/categories?post=7406"},{"taxonomy":"post_tag","embeddable":true,"href":"https:\/\/catalinadefoix.educacion.navarra.es\/web\/wp-json\/wp\/v2\/tags?post=7406"}],"curies":[{"name":"wp","href":"https:\/\/api.w.org\/{rel}","templated":true}]}}