{"id":6695,"date":"2022-06-28T10:14:11","date_gmt":"2022-06-28T08:14:11","guid":{"rendered":"https:\/\/catalinadefoix.educacion.navarra.es\/web\/?p=6695"},"modified":"2022-06-28T10:14:11","modified_gmt":"2022-06-28T08:14:11","slug":"3o-de-infantil-2","status":"publish","type":"post","link":"https:\/\/catalinadefoix.educacion.navarra.es\/web\/blog\/2022\/06\/28\/3o-de-infantil-2\/","title":{"rendered":"3\u00ba de infantil"},"content":{"rendered":"\n<p class=\"has-text-align-center has-vivid-cyan-blue-color has-text-color has-large-font-size\"><strong>Graduaci\u00f3n 5 a\u00f1os<\/strong><\/p>\n\n\n\n<div class=\"wp-block-image\"><figure class=\"aligncenter size-large is-resized\"><img loading=\"lazy\" src=\"https:\/\/catalinadefoix.educacion.navarra.es\/web\/wp-content\/uploads\/2022\/06\/IMG_4595-1024x768.jpg\" alt=\"\" class=\"wp-image-6693\" width=\"725\" height=\"544\" srcset=\"https:\/\/catalinadefoix.educacion.navarra.es\/web\/wp-content\/uploads\/2022\/06\/IMG_4595-1024x768.jpg 1024w, https:\/\/catalinadefoix.educacion.navarra.es\/web\/wp-content\/uploads\/2022\/06\/IMG_4595-300x225.jpg 300w, https:\/\/catalinadefoix.educacion.navarra.es\/web\/wp-content\/uploads\/2022\/06\/IMG_4595-768x576.jpg 768w, https:\/\/catalinadefoix.educacion.navarra.es\/web\/wp-content\/uploads\/2022\/06\/IMG_4595.jpg 1040w\" sizes=\"(max-width: 725px) 100vw, 725px\" \/><\/figure><\/div>\n\n\n\n<p class=\"has-text-align-center\">Despu\u00e9s de 3 a\u00f1os en Educaci\u00f3n Infantil damos por terminada esta etapa. Nos despedimos con pena pero con alegr\u00eda e ilusi\u00f3n por empezar primaria. Para poner el broche de oro realizamos una graduaci\u00f3n por todo lo alto. Cantamos, bailamos, recitamos y actuamos en la Casa de Cultura de Zizur Mayor y nuestras familias vinieron a vernos. \u00a1Hasta siempre Educaci\u00f3n Infantil!<\/p>\n\n\n\n<p class=\"has-text-align-center\"><a href=\"https:\/\/photos.app.goo.gl\/bggWN233ypkJJnJZA\" target=\"_blank\" rel=\"noreferrer noopener\">V\u00cdDEOS<\/a><\/p>\n","protected":false},"excerpt":{"rendered":"<p>Graduaci\u00f3n 5 a\u00f1os Despu\u00e9s de 3 a\u00f1os en Educaci\u00f3n Infantil damos por terminada esta etapa. Nos despedimos con pena pero con alegr\u00eda e ilusi\u00f3n por empezar primaria. Para poner el broche de oro realizamos una graduaci\u00f3n por todo lo alto. Cantamos, bailamos, recitamos y actuamos en la Casa de Cultura de Zizur Mayor y nuestras [&hellip;]<\/p>\n","protected":false},"author":1,"featured_media":0,"comment_status":"open","ping_status":"open","sticky":false,"template":"","format":"standard","meta":{"_genesis_hide_title":false,"_genesis_hide_breadcrumbs":false,"_genesis_hide_singular_image":false,"_genesis_hide_footer_widgets":false,"_genesis_custom_body_class":"","_genesis_custom_post_class":"","_genesis_layout":""},"categories":[1],"tags":[],"_links":{"self":[{"href":"https:\/\/catalinadefoix.educacion.navarra.es\/web\/wp-json\/wp\/v2\/posts\/6695"}],"collection":[{"href":"https:\/\/catalinadefoix.educacion.navarra.es\/web\/wp-json\/wp\/v2\/posts"}],"about":[{"href":"https:\/\/catalinadefoix.educacion.navarra.es\/web\/wp-json\/wp\/v2\/types\/post"}],"author":[{"embeddable":true,"href":"https:\/\/catalinadefoix.educacion.navarra.es\/web\/wp-json\/wp\/v2\/users\/1"}],"replies":[{"embeddable":true,"href":"https:\/\/catalinadefoix.educacion.navarra.es\/web\/wp-json\/wp\/v2\/comments?post=6695"}],"version-history":[{"count":1,"href":"https:\/\/catalinadefoix.educacion.navarra.es\/web\/wp-json\/wp\/v2\/posts\/6695\/revisions"}],"predecessor-version":[{"id":6696,"href":"https:\/\/catalinadefoix.educacion.navarra.es\/web\/wp-json\/wp\/v2\/posts\/6695\/revisions\/6696"}],"wp:attachment":[{"href":"https:\/\/catalinadefoix.educacion.navarra.es\/web\/wp-json\/wp\/v2\/media?parent=6695"}],"wp:term":[{"taxonomy":"category","embeddable":true,"href":"https:\/\/catalinadefoix.educacion.navarra.es\/web\/wp-json\/wp\/v2\/categories?post=6695"},{"taxonomy":"post_tag","embeddable":true,"href":"https:\/\/catalinadefoix.educacion.navarra.es\/web\/wp-json\/wp\/v2\/tags?post=6695"}],"curies":[{"name":"wp","href":"https:\/\/api.w.org\/{rel}","templated":true}]}}