{"id":5895,"date":"2020-12-14T14:00:14","date_gmt":"2020-12-14T13:00:14","guid":{"rendered":"https:\/\/catalinadefoix.educacion.navarra.es\/web\/?p=5895"},"modified":"2020-12-14T14:01:19","modified_gmt":"2020-12-14T13:01:19","slug":"educacion-fisica","status":"publish","type":"post","link":"https:\/\/catalinadefoix.educacion.navarra.es\/web\/blog\/2020\/12\/14\/educacion-fisica\/","title":{"rendered":"Educaci\u00f3n f\u00edsica"},"content":{"rendered":"\n<p class=\"has-text-align-center has-vivid-cyan-blue-color has-text-color has-large-font-size\"><strong>NUEVO BLOG<\/strong><\/p>\n\n\n\n<div class=\"wp-block-image\"><figure class=\"aligncenter size-large is-resized\"><img loading=\"lazy\" src=\"https:\/\/catalinadefoix.educacion.navarra.es\/web\/wp-content\/uploads\/2020\/12\/BLOG-EDUCACION-FISICA-1024x477.jpg\" alt=\"\" class=\"wp-image-5898\" width=\"450\" height=\"209\" srcset=\"https:\/\/catalinadefoix.educacion.navarra.es\/web\/wp-content\/uploads\/2020\/12\/BLOG-EDUCACION-FISICA-1024x477.jpg 1024w, https:\/\/catalinadefoix.educacion.navarra.es\/web\/wp-content\/uploads\/2020\/12\/BLOG-EDUCACION-FISICA-300x140.jpg 300w, https:\/\/catalinadefoix.educacion.navarra.es\/web\/wp-content\/uploads\/2020\/12\/BLOG-EDUCACION-FISICA-768x358.jpg 768w, https:\/\/catalinadefoix.educacion.navarra.es\/web\/wp-content\/uploads\/2020\/12\/BLOG-EDUCACION-FISICA.jpg 1312w\" sizes=\"(max-width: 450px) 100vw, 450px\" \/><\/figure><\/div>\n\n\n\n<p class=\"has-normal-font-size\">Desde el departamento de educaci\u00f3n f\u00edsica se ha realizado un blog, tanto para realizar actividades en caso de posibles confinamientos en diferentes grupos como para el trabajo optativo del alumnado de 5\u00ba y 6\u00ba que est\u00e9 interesado. <\/p>\n\n\n\n<p>Os ponemos aqu\u00ed el enlace aunque tambi\u00e9n est\u00e1 en el men\u00fa blogs de la zona superior de la web.<\/p>\n\n\n\n<p class=\"has-text-align-center\">\u00a1ESPERAMOS QUE OS GUSTE!<\/p>\n\n\n\n<p class=\"has-text-align-center\"><strong><a href=\"https:\/\/aprendeenmovimientoef.blogspot.com\/\" target=\"_blank\" rel=\"noreferrer noopener\">BLOG<\/a><\/strong><\/p>\n","protected":false},"excerpt":{"rendered":"<p>NUEVO BLOG Desde el departamento de educaci\u00f3n f\u00edsica se ha realizado un blog, tanto para realizar actividades en caso de posibles confinamientos en diferentes grupos como para el trabajo optativo del alumnado de 5\u00ba y 6\u00ba que est\u00e9 interesado. Os ponemos aqu\u00ed el enlace aunque tambi\u00e9n est\u00e1 en el men\u00fa blogs de la zona superior [&hellip;]<\/p>\n","protected":false},"author":1,"featured_media":0,"comment_status":"open","ping_status":"open","sticky":false,"template":"","format":"standard","meta":{"_genesis_hide_title":false,"_genesis_hide_breadcrumbs":false,"_genesis_hide_singular_image":false,"_genesis_hide_footer_widgets":false,"_genesis_custom_body_class":"","_genesis_custom_post_class":"","_genesis_layout":""},"categories":[1],"tags":[],"_links":{"self":[{"href":"https:\/\/catalinadefoix.educacion.navarra.es\/web\/wp-json\/wp\/v2\/posts\/5895"}],"collection":[{"href":"https:\/\/catalinadefoix.educacion.navarra.es\/web\/wp-json\/wp\/v2\/posts"}],"about":[{"href":"https:\/\/catalinadefoix.educacion.navarra.es\/web\/wp-json\/wp\/v2\/types\/post"}],"author":[{"embeddable":true,"href":"https:\/\/catalinadefoix.educacion.navarra.es\/web\/wp-json\/wp\/v2\/users\/1"}],"replies":[{"embeddable":true,"href":"https:\/\/catalinadefoix.educacion.navarra.es\/web\/wp-json\/wp\/v2\/comments?post=5895"}],"version-history":[{"count":4,"href":"https:\/\/catalinadefoix.educacion.navarra.es\/web\/wp-json\/wp\/v2\/posts\/5895\/revisions"}],"predecessor-version":[{"id":5901,"href":"https:\/\/catalinadefoix.educacion.navarra.es\/web\/wp-json\/wp\/v2\/posts\/5895\/revisions\/5901"}],"wp:attachment":[{"href":"https:\/\/catalinadefoix.educacion.navarra.es\/web\/wp-json\/wp\/v2\/media?parent=5895"}],"wp:term":[{"taxonomy":"category","embeddable":true,"href":"https:\/\/catalinadefoix.educacion.navarra.es\/web\/wp-json\/wp\/v2\/categories?post=5895"},{"taxonomy":"post_tag","embeddable":true,"href":"https:\/\/catalinadefoix.educacion.navarra.es\/web\/wp-json\/wp\/v2\/tags?post=5895"}],"curies":[{"name":"wp","href":"https:\/\/api.w.org\/{rel}","templated":true}]}}