{"id":5677,"date":"2020-04-15T15:54:44","date_gmt":"2020-04-15T13:54:44","guid":{"rendered":"https:\/\/catalinadefoix.educacion.navarra.es\/web\/?p=5677"},"modified":"2020-04-15T17:08:16","modified_gmt":"2020-04-15T15:08:16","slug":"video-alumnado-1o-de-infantil","status":"publish","type":"post","link":"https:\/\/catalinadefoix.educacion.navarra.es\/web\/blog\/2020\/04\/15\/video-alumnado-1o-de-infantil\/","title":{"rendered":"V\u00cdDEO ALUMNADO 1\u00ba DE INFANTIL B"},"content":{"rendered":"\n<p>Los ni\u00f1os y ni\u00f1as de 3 a\u00f1itos B han hecho un v\u00eddeo para sus profes pero tambi\u00e9n nos van a animar a toda la comunidad educativa. \u00a1Os va a encantar!<\/p>\n\n\n\n<p class=\"has-text-align-center\"><strong><a href=\"https:\/\/drive.google.com\/file\/d\/1TOazHYXrUnfetgvQkucpzv3PuC0XNcqf\/view?usp=sharing\" target=\"_blank\" rel=\"noreferrer noopener\">V\u00cdDEO<\/a><\/strong><\/p>\n","protected":false},"excerpt":{"rendered":"<p>Los ni\u00f1os y ni\u00f1as de 3 a\u00f1itos B han hecho un v\u00eddeo para sus profes pero tambi\u00e9n nos van a animar a toda la comunidad educativa. \u00a1Os va a encantar! V\u00cdDEO<\/p>\n","protected":false},"author":1,"featured_media":0,"comment_status":"open","ping_status":"open","sticky":false,"template":"","format":"standard","meta":{"_genesis_hide_title":false,"_genesis_hide_breadcrumbs":false,"_genesis_hide_singular_image":false,"_genesis_hide_footer_widgets":false,"_genesis_custom_body_class":"","_genesis_custom_post_class":"","_genesis_layout":""},"categories":[1],"tags":[],"_links":{"self":[{"href":"https:\/\/catalinadefoix.educacion.navarra.es\/web\/wp-json\/wp\/v2\/posts\/5677"}],"collection":[{"href":"https:\/\/catalinadefoix.educacion.navarra.es\/web\/wp-json\/wp\/v2\/posts"}],"about":[{"href":"https:\/\/catalinadefoix.educacion.navarra.es\/web\/wp-json\/wp\/v2\/types\/post"}],"author":[{"embeddable":true,"href":"https:\/\/catalinadefoix.educacion.navarra.es\/web\/wp-json\/wp\/v2\/users\/1"}],"replies":[{"embeddable":true,"href":"https:\/\/catalinadefoix.educacion.navarra.es\/web\/wp-json\/wp\/v2\/comments?post=5677"}],"version-history":[{"count":3,"href":"https:\/\/catalinadefoix.educacion.navarra.es\/web\/wp-json\/wp\/v2\/posts\/5677\/revisions"}],"predecessor-version":[{"id":5680,"href":"https:\/\/catalinadefoix.educacion.navarra.es\/web\/wp-json\/wp\/v2\/posts\/5677\/revisions\/5680"}],"wp:attachment":[{"href":"https:\/\/catalinadefoix.educacion.navarra.es\/web\/wp-json\/wp\/v2\/media?parent=5677"}],"wp:term":[{"taxonomy":"category","embeddable":true,"href":"https:\/\/catalinadefoix.educacion.navarra.es\/web\/wp-json\/wp\/v2\/categories?post=5677"},{"taxonomy":"post_tag","embeddable":true,"href":"https:\/\/catalinadefoix.educacion.navarra.es\/web\/wp-json\/wp\/v2\/tags?post=5677"}],"curies":[{"name":"wp","href":"https:\/\/api.w.org\/{rel}","templated":true}]}}