{"id":4397,"date":"2019-02-14T12:11:29","date_gmt":"2019-02-14T11:11:29","guid":{"rendered":"http:\/\/catalinadefoix.educacion.navarra.es\/web\/?p=4397"},"modified":"2019-06-05T10:25:02","modified_gmt":"2019-06-05T08:25:02","slug":"celebracion-de-la-navidad","status":"publish","type":"post","link":"https:\/\/catalinadefoix.educacion.navarra.es\/web\/blog\/2019\/02\/14\/celebracion-de-la-navidad\/","title":{"rendered":"Celebraci\u00f3n de la Navidad"},"content":{"rendered":"\n<p>Aqu\u00ed os dejamos las im\u00e1genes de lo que fue la celebraci\u00f3n de la Navidad en nuestro centro. <a rel=\"noopener noreferrer\" href=\"https:\/\/photos.app.goo.gl\/tv4Q3VA1y4kAv2Lp8\" target=\"_blank\"><span style=\"text-decoration: underline;\"><strong><span style=\"color: #0000ff; text-decoration: underline;\">Fotos<\/span><\/strong><\/span><\/a><\/p>\n","protected":false},"excerpt":{"rendered":"<p>Aqu\u00ed os dejamos las im\u00e1genes de lo que fue la celebraci\u00f3n de la Navidad en nuestro centro. Fotos<\/p>\n","protected":false},"author":1,"featured_media":4401,"comment_status":"open","ping_status":"open","sticky":false,"template":"","format":"standard","meta":{"_genesis_hide_title":false,"_genesis_hide_breadcrumbs":false,"_genesis_hide_singular_image":false,"_genesis_hide_footer_widgets":false,"_genesis_custom_body_class":"","_genesis_custom_post_class":"","_genesis_layout":""},"categories":[1],"tags":[],"_links":{"self":[{"href":"https:\/\/catalinadefoix.educacion.navarra.es\/web\/wp-json\/wp\/v2\/posts\/4397"}],"collection":[{"href":"https:\/\/catalinadefoix.educacion.navarra.es\/web\/wp-json\/wp\/v2\/posts"}],"about":[{"href":"https:\/\/catalinadefoix.educacion.navarra.es\/web\/wp-json\/wp\/v2\/types\/post"}],"author":[{"embeddable":true,"href":"https:\/\/catalinadefoix.educacion.navarra.es\/web\/wp-json\/wp\/v2\/users\/1"}],"replies":[{"embeddable":true,"href":"https:\/\/catalinadefoix.educacion.navarra.es\/web\/wp-json\/wp\/v2\/comments?post=4397"}],"version-history":[{"count":5,"href":"https:\/\/catalinadefoix.educacion.navarra.es\/web\/wp-json\/wp\/v2\/posts\/4397\/revisions"}],"predecessor-version":[{"id":4939,"href":"https:\/\/catalinadefoix.educacion.navarra.es\/web\/wp-json\/wp\/v2\/posts\/4397\/revisions\/4939"}],"wp:featuredmedia":[{"embeddable":true,"href":"https:\/\/catalinadefoix.educacion.navarra.es\/web\/wp-json\/wp\/v2\/media\/4401"}],"wp:attachment":[{"href":"https:\/\/catalinadefoix.educacion.navarra.es\/web\/wp-json\/wp\/v2\/media?parent=4397"}],"wp:term":[{"taxonomy":"category","embeddable":true,"href":"https:\/\/catalinadefoix.educacion.navarra.es\/web\/wp-json\/wp\/v2\/categories?post=4397"},{"taxonomy":"post_tag","embeddable":true,"href":"https:\/\/catalinadefoix.educacion.navarra.es\/web\/wp-json\/wp\/v2\/tags?post=4397"}],"curies":[{"name":"wp","href":"https:\/\/api.w.org\/{rel}","templated":true}]}}