{"id":4021,"date":"2018-11-19T10:33:01","date_gmt":"2018-11-19T09:33:01","guid":{"rendered":"http:\/\/catalinadefoix.educacion.navarra.es\/web\/?p=4021"},"modified":"2018-11-19T10:33:01","modified_gmt":"2018-11-19T09:33:01","slug":"2o-ep-salida-a-arteta","status":"publish","type":"post","link":"https:\/\/catalinadefoix.educacion.navarra.es\/web\/blog\/2018\/11\/19\/2o-ep-salida-a-arteta\/","title":{"rendered":"2\u00ba EP. Salida a Arteta"},"content":{"rendered":"<div style=\"text-align: justify;\"><span style=\"color: #000000;\"><img loading=\"lazy\" class=\" wp-image-4015 alignleft\" src=\"http:\/\/catalinadefoix.educacion.navarra.es\/web\/wp-content\/uploads\/2018\/11\/06-Arteta-2\u00ba-300x240.jpg\" alt=\"\" width=\"129\" height=\"103\" \/>El 7 de noviembre, el alumnado de 2\u00ba de Primaria, visitamos el entorno del manantial de Arteta donde nos hablaron de diferentes personajes mitol\u00f3gicos como Mari y Basajaun, as\u00ed como\u00a0del paisaje m\u00e1gico que forman las aguas subterr\u00e1neas.<\/span><\/div>\n<div style=\"text-align: justify;\"><span style=\"color: #000000;\">A trav\u00e9s de la mitolog\u00eda nos explicaron c\u00f3mo, con el paso del tiempo, el paisaje de la zona se ha ido transformando. Tambi\u00e9n de la importancia que tiene el agua en la naturaleza y de su recorrido por el ciclo natural y urbano para que reflexion\u00e1ramos sobre c\u00f3mo llevar a cabo pr\u00e1cticas cotidianas y respetuosas hacia el medio ambiente.<br \/>\n<a href=\"https:\/\/photos.app.goo.gl\/Q7QHwvcmZsyg9vWA7\" target=\"_blank\" rel=\"noopener\"><span style=\"color: #0000ff;\"><strong><span style=\"text-decoration: underline;\">Fotos<\/span><\/strong><\/span><\/a><\/span><\/div>\n","protected":false},"excerpt":{"rendered":"<p>El 7 de noviembre, el alumnado de 2\u00ba de Primaria, visitamos el entorno del manantial de Arteta donde nos hablaron de diferentes personajes mitol\u00f3gicos como Mari y Basajaun, as\u00ed como\u00a0del paisaje m\u00e1gico que forman las aguas subterr\u00e1neas. A trav\u00e9s de la mitolog\u00eda nos explicaron c\u00f3mo, con el paso del tiempo, el paisaje de la zona [&hellip;]<\/p>\n","protected":false},"author":1,"featured_media":0,"comment_status":"open","ping_status":"open","sticky":false,"template":"","format":"standard","meta":{"_genesis_hide_title":false,"_genesis_hide_breadcrumbs":false,"_genesis_hide_singular_image":false,"_genesis_hide_footer_widgets":false,"_genesis_custom_body_class":"","_genesis_custom_post_class":"","_genesis_layout":""},"categories":[1],"tags":[],"_links":{"self":[{"href":"https:\/\/catalinadefoix.educacion.navarra.es\/web\/wp-json\/wp\/v2\/posts\/4021"}],"collection":[{"href":"https:\/\/catalinadefoix.educacion.navarra.es\/web\/wp-json\/wp\/v2\/posts"}],"about":[{"href":"https:\/\/catalinadefoix.educacion.navarra.es\/web\/wp-json\/wp\/v2\/types\/post"}],"author":[{"embeddable":true,"href":"https:\/\/catalinadefoix.educacion.navarra.es\/web\/wp-json\/wp\/v2\/users\/1"}],"replies":[{"embeddable":true,"href":"https:\/\/catalinadefoix.educacion.navarra.es\/web\/wp-json\/wp\/v2\/comments?post=4021"}],"version-history":[{"count":1,"href":"https:\/\/catalinadefoix.educacion.navarra.es\/web\/wp-json\/wp\/v2\/posts\/4021\/revisions"}],"predecessor-version":[{"id":4022,"href":"https:\/\/catalinadefoix.educacion.navarra.es\/web\/wp-json\/wp\/v2\/posts\/4021\/revisions\/4022"}],"wp:attachment":[{"href":"https:\/\/catalinadefoix.educacion.navarra.es\/web\/wp-json\/wp\/v2\/media?parent=4021"}],"wp:term":[{"taxonomy":"category","embeddable":true,"href":"https:\/\/catalinadefoix.educacion.navarra.es\/web\/wp-json\/wp\/v2\/categories?post=4021"},{"taxonomy":"post_tag","embeddable":true,"href":"https:\/\/catalinadefoix.educacion.navarra.es\/web\/wp-json\/wp\/v2\/tags?post=4021"}],"curies":[{"name":"wp","href":"https:\/\/api.w.org\/{rel}","templated":true}]}}