{"id":3887,"date":"2018-10-19T13:01:02","date_gmt":"2018-10-19T11:01:02","guid":{"rendered":"http:\/\/catalinadefoix.educacion.navarra.es\/web\/?p=3887"},"modified":"2018-10-19T13:02:31","modified_gmt":"2018-10-19T11:02:31","slug":"asociacion-sindrome-de-down","status":"publish","type":"post","link":"https:\/\/catalinadefoix.educacion.navarra.es\/web\/blog\/2018\/10\/19\/asociacion-sindrome-de-down\/","title":{"rendered":"Asociaci\u00f3n S\u00edndrome de Down"},"content":{"rendered":"<p style=\"text-align: justify;\"><img loading=\"lazy\" class=\" wp-image-3884 alignleft\" src=\"http:\/\/catalinadefoix.educacion.navarra.es\/web\/wp-content\/uploads\/2018\/10\/logo-down.jpg\" alt=\"\" width=\"178\" height=\"56\" \/>El pasado mi\u00e9rcoles 17 de Octubre recibimos en el colegio a dos representantes de la asociaci\u00f3n s\u00edndrome de Down de Navarra. Impartieron una charla dirigida al profesorado con el fin de sensibilizarnos con esta trisom\u00eda del par 21 y orientarnos sobre los m\u00e9todos de ense\u00f1anza\/aprendizaje que podemos abordar en la escuela.<\/p>\n<p style=\"text-align: justify;\">Les estamos agradecidos por su disponibilidad ya que se ofrecieron a dar nuevas charlas seg\u00fan nuestras necesidades.<\/p>\n","protected":false},"excerpt":{"rendered":"<p>El pasado mi\u00e9rcoles 17 de Octubre recibimos en el colegio a dos representantes de la asociaci\u00f3n s\u00edndrome de Down de Navarra. Impartieron una charla dirigida al profesorado con el fin de sensibilizarnos con esta trisom\u00eda del par 21 y orientarnos sobre los m\u00e9todos de ense\u00f1anza\/aprendizaje que podemos abordar en la escuela. Les estamos agradecidos por [&hellip;]<\/p>\n","protected":false},"author":1,"featured_media":0,"comment_status":"open","ping_status":"open","sticky":false,"template":"","format":"standard","meta":{"_genesis_hide_title":false,"_genesis_hide_breadcrumbs":false,"_genesis_hide_singular_image":false,"_genesis_hide_footer_widgets":false,"_genesis_custom_body_class":"","_genesis_custom_post_class":"","_genesis_layout":""},"categories":[1],"tags":[],"_links":{"self":[{"href":"https:\/\/catalinadefoix.educacion.navarra.es\/web\/wp-json\/wp\/v2\/posts\/3887"}],"collection":[{"href":"https:\/\/catalinadefoix.educacion.navarra.es\/web\/wp-json\/wp\/v2\/posts"}],"about":[{"href":"https:\/\/catalinadefoix.educacion.navarra.es\/web\/wp-json\/wp\/v2\/types\/post"}],"author":[{"embeddable":true,"href":"https:\/\/catalinadefoix.educacion.navarra.es\/web\/wp-json\/wp\/v2\/users\/1"}],"replies":[{"embeddable":true,"href":"https:\/\/catalinadefoix.educacion.navarra.es\/web\/wp-json\/wp\/v2\/comments?post=3887"}],"version-history":[{"count":3,"href":"https:\/\/catalinadefoix.educacion.navarra.es\/web\/wp-json\/wp\/v2\/posts\/3887\/revisions"}],"predecessor-version":[{"id":3890,"href":"https:\/\/catalinadefoix.educacion.navarra.es\/web\/wp-json\/wp\/v2\/posts\/3887\/revisions\/3890"}],"wp:attachment":[{"href":"https:\/\/catalinadefoix.educacion.navarra.es\/web\/wp-json\/wp\/v2\/media?parent=3887"}],"wp:term":[{"taxonomy":"category","embeddable":true,"href":"https:\/\/catalinadefoix.educacion.navarra.es\/web\/wp-json\/wp\/v2\/categories?post=3887"},{"taxonomy":"post_tag","embeddable":true,"href":"https:\/\/catalinadefoix.educacion.navarra.es\/web\/wp-json\/wp\/v2\/tags?post=3887"}],"curies":[{"name":"wp","href":"https:\/\/api.w.org\/{rel}","templated":true}]}}