{"id":2831,"date":"2018-01-10T09:58:28","date_gmt":"2018-01-10T08:58:28","guid":{"rendered":"http:\/\/catalinadefoix.educacion.navarra.es\/web\/?p=2831"},"modified":"2018-01-11T11:24:11","modified_gmt":"2018-01-11T10:24:11","slug":"campana-ski-escolar-6o-martes","status":"publish","type":"post","link":"https:\/\/catalinadefoix.educacion.navarra.es\/web\/blog\/2018\/01\/10\/campana-ski-escolar-6o-martes\/","title":{"rendered":"Campa\u00f1a ski escolar 6\u00ba EP martes"},"content":{"rendered":"<p style=\"text-align: justify;\"><a href=\"http:\/\/catalinadefoix.educacion.navarra.es\/web\/wp-content\/uploads\/2018\/01\/esquiar.gif\"><img loading=\"lazy\" class=\"alignleft wp-image-2828\" src=\"http:\/\/catalinadefoix.educacion.navarra.es\/web\/wp-content\/uploads\/2018\/01\/esquiar.gif\" alt=\"\" width=\"136\" height=\"133\" \/><\/a>\u00a1Buenos d\u00edas a todos\/as!<br \/>\nYa estamos en Abodi. Las vistas son impresionantes porque ayer nev\u00f3 y todos los \u00e1rboles est\u00e1n blancos. Hoy no nos va a acompa\u00f1ar el sol, pero estamos preparados\/as para todo.<br \/>\nOs dejamos unas cuantas fotos de ayer aprovechando el \u00faltima d\u00eda de sol.<br \/>\n\u00a1Un saludo!<\/p>\n<p><a href=\"https:\/\/photos.app.goo.gl\/fW4mEcc7mMOjwOrt1\" target=\"_blank\" rel=\"noopener\"><span style=\"text-decoration: underline; color: #000080;\"><strong>Fotos<\/strong><\/span><\/a><\/p>\n","protected":false},"excerpt":{"rendered":"<p>\u00a1Buenos d\u00edas a todos\/as! Ya estamos en Abodi. Las vistas son impresionantes porque ayer nev\u00f3 y todos los \u00e1rboles est\u00e1n blancos. Hoy no nos va a acompa\u00f1ar el sol, pero estamos preparados\/as para todo. Os dejamos unas cuantas fotos de ayer aprovechando el \u00faltima d\u00eda de sol. \u00a1Un saludo! Fotos<\/p>\n","protected":false},"author":1,"featured_media":0,"comment_status":"open","ping_status":"open","sticky":false,"template":"","format":"standard","meta":{"_genesis_hide_title":false,"_genesis_hide_breadcrumbs":false,"_genesis_hide_singular_image":false,"_genesis_hide_footer_widgets":false,"_genesis_custom_body_class":"","_genesis_custom_post_class":"","_genesis_layout":""},"categories":[1],"tags":[],"_links":{"self":[{"href":"https:\/\/catalinadefoix.educacion.navarra.es\/web\/wp-json\/wp\/v2\/posts\/2831"}],"collection":[{"href":"https:\/\/catalinadefoix.educacion.navarra.es\/web\/wp-json\/wp\/v2\/posts"}],"about":[{"href":"https:\/\/catalinadefoix.educacion.navarra.es\/web\/wp-json\/wp\/v2\/types\/post"}],"author":[{"embeddable":true,"href":"https:\/\/catalinadefoix.educacion.navarra.es\/web\/wp-json\/wp\/v2\/users\/1"}],"replies":[{"embeddable":true,"href":"https:\/\/catalinadefoix.educacion.navarra.es\/web\/wp-json\/wp\/v2\/comments?post=2831"}],"version-history":[{"count":3,"href":"https:\/\/catalinadefoix.educacion.navarra.es\/web\/wp-json\/wp\/v2\/posts\/2831\/revisions"}],"predecessor-version":[{"id":2835,"href":"https:\/\/catalinadefoix.educacion.navarra.es\/web\/wp-json\/wp\/v2\/posts\/2831\/revisions\/2835"}],"wp:attachment":[{"href":"https:\/\/catalinadefoix.educacion.navarra.es\/web\/wp-json\/wp\/v2\/media?parent=2831"}],"wp:term":[{"taxonomy":"category","embeddable":true,"href":"https:\/\/catalinadefoix.educacion.navarra.es\/web\/wp-json\/wp\/v2\/categories?post=2831"},{"taxonomy":"post_tag","embeddable":true,"href":"https:\/\/catalinadefoix.educacion.navarra.es\/web\/wp-json\/wp\/v2\/tags?post=2831"}],"curies":[{"name":"wp","href":"https:\/\/api.w.org\/{rel}","templated":true}]}}