{"id":2429,"date":"2017-10-04T09:43:38","date_gmt":"2017-10-04T07:43:38","guid":{"rendered":"http:\/\/catalinadefoix.educacion.navarra.es\/web\/?p=2429"},"modified":"2017-10-04T09:43:38","modified_gmt":"2017-10-04T07:43:38","slug":"aviso-de-la-apyma","status":"publish","type":"post","link":"https:\/\/catalinadefoix.educacion.navarra.es\/web\/blog\/2017\/10\/04\/aviso-de-la-apyma\/","title":{"rendered":"Aviso de la apyma"},"content":{"rendered":"<div>Estimadas familias:<\/p>\n<p>Os informamos de que los listados de alumnos\/as inscritos en las actividades extraescolares, quedar\u00e1n expuestos desde<strong> hoy mi\u00e9rcoles 4<\/strong>,<strong> hasta el pr\u00f3ximo lunes d\u00eda 9 de octubre<\/strong>, para su consulta en el tabl\u00f3n del hall del colegio.<\/div>\n<div><\/div>\n<div>Pasado este plazo los listados pasar\u00e1n a darse por definitivos.<\/div>\n<div><\/div>\n<div>Recibid un cordial saludo.<\/div>\n<div><\/div>\n<div>APYMA C.P. Catalina de Foix &#8211; Extraescolares<\/div>\n<div>\u00a0extraescolarescdf@gmail.com<\/div>\n","protected":false},"excerpt":{"rendered":"<p>Estimadas familias: Os informamos de que los listados de alumnos\/as inscritos en las actividades extraescolares, quedar\u00e1n expuestos desde hoy mi\u00e9rcoles 4, hasta el pr\u00f3ximo lunes d\u00eda 9 de octubre, para su consulta en el tabl\u00f3n del hall del colegio. Pasado este plazo los listados pasar\u00e1n a darse por definitivos. Recibid un cordial saludo. APYMA C.P. [&hellip;]<\/p>\n","protected":false},"author":1,"featured_media":0,"comment_status":"open","ping_status":"open","sticky":false,"template":"","format":"standard","meta":{"_genesis_hide_title":false,"_genesis_hide_breadcrumbs":false,"_genesis_hide_singular_image":false,"_genesis_hide_footer_widgets":false,"_genesis_custom_body_class":"","_genesis_custom_post_class":"","_genesis_layout":""},"categories":[1],"tags":[],"_links":{"self":[{"href":"https:\/\/catalinadefoix.educacion.navarra.es\/web\/wp-json\/wp\/v2\/posts\/2429"}],"collection":[{"href":"https:\/\/catalinadefoix.educacion.navarra.es\/web\/wp-json\/wp\/v2\/posts"}],"about":[{"href":"https:\/\/catalinadefoix.educacion.navarra.es\/web\/wp-json\/wp\/v2\/types\/post"}],"author":[{"embeddable":true,"href":"https:\/\/catalinadefoix.educacion.navarra.es\/web\/wp-json\/wp\/v2\/users\/1"}],"replies":[{"embeddable":true,"href":"https:\/\/catalinadefoix.educacion.navarra.es\/web\/wp-json\/wp\/v2\/comments?post=2429"}],"version-history":[{"count":1,"href":"https:\/\/catalinadefoix.educacion.navarra.es\/web\/wp-json\/wp\/v2\/posts\/2429\/revisions"}],"predecessor-version":[{"id":2430,"href":"https:\/\/catalinadefoix.educacion.navarra.es\/web\/wp-json\/wp\/v2\/posts\/2429\/revisions\/2430"}],"wp:attachment":[{"href":"https:\/\/catalinadefoix.educacion.navarra.es\/web\/wp-json\/wp\/v2\/media?parent=2429"}],"wp:term":[{"taxonomy":"category","embeddable":true,"href":"https:\/\/catalinadefoix.educacion.navarra.es\/web\/wp-json\/wp\/v2\/categories?post=2429"},{"taxonomy":"post_tag","embeddable":true,"href":"https:\/\/catalinadefoix.educacion.navarra.es\/web\/wp-json\/wp\/v2\/tags?post=2429"}],"curies":[{"name":"wp","href":"https:\/\/api.w.org\/{rel}","templated":true}]}}